{"id":922,"date":"2021-09-15T15:43:55","date_gmt":"2021-09-15T13:43:55","guid":{"rendered":"https:\/\/www.dainst.blog\/archaeology-in-eurasia\/?p=922"},"modified":"2021-09-15T16:08:04","modified_gmt":"2021-09-15T14:08:04","slug":"neue-findungsphase-an-der-eurasien-abteilung-homeoffice","status":"publish","type":"post","link":"https:\/\/www.dainst.blog\/archaeology-in-eurasia\/neue-findungsphase-an-der-eurasien-abteilung-homeoffice\/","title":{"rendered":"Neue \u00bbFindungsphase\u00ab an der Eurasien-Abteilung #homeoffice"},"content":{"rendered":"\n<p>Autorin: Dr. Regina Uhl<\/p>\n\n\n\n<p>W\u00e4hrend der \u00bb<em>Homeofficezeit\u00ab<\/em> habe ich meine Arbeitsstelle gewechselt und bin seit April 2021 wieder f\u00fcr die Eurasien-Abteilung in Berlin t\u00e4tig. Als Nachfolgerin der Ukrainereferentin besch\u00e4ftige ich mich mit pr\u00e4historischer Schwarzmeerarch\u00e4ologie \u2013 ein Raum, mit dem ich mich in den letzten Jahren auch zur Promotion intensiv auseinandergesetzt habe. Dabei befasste ich mich mit Fragen der Technik- und Sozialgeschichte sowie der Formierung, aber auch arch\u00e4ologischen Sichtbarmachung sozialer Komplexit\u00e4t in der pr\u00e4historischen Arch\u00e4ologie.<\/p>\n\n\n\n<p>Die nachfolgenden Abbildungen geben eine Einblick in bishere Forschungen und stammen von einer Grabung der chalkolithischen Siedlung Petreni, Raj. Drochia, Republik Moldau.<\/p>\n\n\n\n<p><\/p>\n\n\n\n<figure class=\"wp-block-image size-large\"><img fetchpriority=\"high\" decoding=\"async\" width=\"1024\" height=\"682\" src=\"https:\/\/www.dainst.blog\/archaeology-in-eurasia\/wp-content\/uploads\/sites\/19\/2021\/09\/Petreni_See_Foto-RUhl1-1-1024x682.jpg\" alt=\"\" class=\"wp-image-934\" srcset=\"https:\/\/www.dainst.blog\/archaeology-in-eurasia\/wp-content\/uploads\/sites\/19\/2021\/09\/Petreni_See_Foto-RUhl1-1-1024x682.jpg 1024w, https:\/\/www.dainst.blog\/archaeology-in-eurasia\/wp-content\/uploads\/sites\/19\/2021\/09\/Petreni_See_Foto-RUhl1-1-300x200.jpg 300w, https:\/\/www.dainst.blog\/archaeology-in-eurasia\/wp-content\/uploads\/sites\/19\/2021\/09\/Petreni_See_Foto-RUhl1-1-768x511.jpg 768w, https:\/\/www.dainst.blog\/archaeology-in-eurasia\/wp-content\/uploads\/sites\/19\/2021\/09\/Petreni_See_Foto-RUhl1-1-1536x1022.jpg 1536w, https:\/\/www.dainst.blog\/archaeology-in-eurasia\/wp-content\/uploads\/sites\/19\/2021\/09\/Petreni_See_Foto-RUhl1-1-750x499.jpg 750w, https:\/\/www.dainst.blog\/archaeology-in-eurasia\/wp-content\/uploads\/sites\/19\/2021\/09\/Petreni_See_Foto-RUhl1-1.jpg 2048w\" sizes=\"(max-width: 1024px) 100vw, 1024px\" \/><figcaption>See am Rand der chalkolithischen Siedlung Petreni, Raj. Drochia, Republik Moldau ; Copyright: Dr. Regina Uhl <\/figcaption><\/figure>\n\n\n\n<p>Diesem Arbeitsgebiet zwischen Karpaten und Kaukasus bin ich treu geblieben und widme mich nun der Wechselwirkung und dem Interagieren von komplexen Gesellschaften und dem Herausbilden von politischen Systemen im Zeitraum zwischen 1500-800 v. Chr. Besonders interessant ist dabei nicht nur die Frage nach dem Entstehen, sondern auch nach dem Scheitern von politischen Systemen und wie man solche \u00bbLeerstellen der Geschichte\u00ab arch\u00e4ologisch nachvollzeichnen kann.<\/p>\n\n\n\n<figure class=\"wp-block-image size-large\"><img decoding=\"async\" width=\"1024\" height=\"683\" src=\"https:\/\/www.dainst.blog\/archaeology-in-eurasia\/wp-content\/uploads\/sites\/19\/2021\/09\/Petreni-Sofia_Abfahrt0101-1024x683.jpg\" alt=\"\" class=\"wp-image-924\" srcset=\"https:\/\/www.dainst.blog\/archaeology-in-eurasia\/wp-content\/uploads\/sites\/19\/2021\/09\/Petreni-Sofia_Abfahrt0101-1024x683.jpg 1024w, https:\/\/www.dainst.blog\/archaeology-in-eurasia\/wp-content\/uploads\/sites\/19\/2021\/09\/Petreni-Sofia_Abfahrt0101-300x200.jpg 300w, https:\/\/www.dainst.blog\/archaeology-in-eurasia\/wp-content\/uploads\/sites\/19\/2021\/09\/Petreni-Sofia_Abfahrt0101-768x512.jpg 768w, https:\/\/www.dainst.blog\/archaeology-in-eurasia\/wp-content\/uploads\/sites\/19\/2021\/09\/Petreni-Sofia_Abfahrt0101-1536x1024.jpg 1536w, https:\/\/www.dainst.blog\/archaeology-in-eurasia\/wp-content\/uploads\/sites\/19\/2021\/09\/Petreni-Sofia_Abfahrt0101-2048x1365.jpg 2048w, https:\/\/www.dainst.blog\/archaeology-in-eurasia\/wp-content\/uploads\/sites\/19\/2021\/09\/Petreni-Sofia_Abfahrt0101-750x500.jpg 750w\" sizes=\"(max-width: 1024px) 100vw, 1024px\" \/><figcaption>Fundt\u00fcten beim trocknen in der Sonne auf der Grabung der chalkolithischen Siedlung Petreni, Raj. Drochia, Republik Moldau ; Copyright: Dr. Regina Uhl <\/figcaption><\/figure>\n\n\n\n<p>In der Opposition zu etwas, in der Aufnahme des Anderen, in Konfrontation mit dem Anderen lassen sich von relativer Deprivation bis hin zu marktstrategischen Aspekten sozial konstitutive wie auch destruktive Mechanismen ableiten, f\u00fcr die ich bspw. Konzepte zur Globalisierung und <em>Scapes<\/em> nach Arjun Appadurai als Arbeitsrahmen verwende (Kulturelle Transaktionen\/ Homogenisierung\/ Heterogenisierung\/ <em>Scapes<\/em>, Vgl. Appadurai 1986). Dar\u00fcber hinaus bilden gerade die Frage der Sichtbarkeit und Sichtbarmachung von Gemeinschaften mit pastoraler Lebensweise einen fruchtbaren Schwingungsrahmen f\u00fcr diese Studien.<\/p>\n\n\n\n<figure class=\"wp-block-image size-large is-resized\"><img decoding=\"async\" src=\"https:\/\/www.dainst.blog\/archaeology-in-eurasia\/wp-content\/uploads\/sites\/19\/2021\/09\/Grabungshaus-Abreise_Sofia-Moldau_Foto-RUhl1-1-683x1024.jpg\" alt=\"\" class=\"wp-image-935\" width=\"842\" height=\"1262\" srcset=\"https:\/\/www.dainst.blog\/archaeology-in-eurasia\/wp-content\/uploads\/sites\/19\/2021\/09\/Grabungshaus-Abreise_Sofia-Moldau_Foto-RUhl1-1-683x1024.jpg 683w, https:\/\/www.dainst.blog\/archaeology-in-eurasia\/wp-content\/uploads\/sites\/19\/2021\/09\/Grabungshaus-Abreise_Sofia-Moldau_Foto-RUhl1-1-200x300.jpg 200w, https:\/\/www.dainst.blog\/archaeology-in-eurasia\/wp-content\/uploads\/sites\/19\/2021\/09\/Grabungshaus-Abreise_Sofia-Moldau_Foto-RUhl1-1-768x1151.jpg 768w, https:\/\/www.dainst.blog\/archaeology-in-eurasia\/wp-content\/uploads\/sites\/19\/2021\/09\/Grabungshaus-Abreise_Sofia-Moldau_Foto-RUhl1-1-1025x1536.jpg 1025w, https:\/\/www.dainst.blog\/archaeology-in-eurasia\/wp-content\/uploads\/sites\/19\/2021\/09\/Grabungshaus-Abreise_Sofia-Moldau_Foto-RUhl1-1-750x1124.jpg 750w, https:\/\/www.dainst.blog\/archaeology-in-eurasia\/wp-content\/uploads\/sites\/19\/2021\/09\/Grabungshaus-Abreise_Sofia-Moldau_Foto-RUhl1-1.jpg 1366w\" sizes=\"(max-width: 842px) 100vw, 842px\" \/><figcaption>Grabungshaus der Grabung der chalkolithischen Siedlung Petreni, Raj. Drochia, Republik Moldau; Copyright: Dr. Regina Uhl<\/figcaption><\/figure>\n\n\n\n<p>Es ist bemerkenswert, dass \u00bbNomadismus\u00ab in der Forschung vielfach mit Fremdheit, Andersheit, gar dem \u00bbWilden und Exotik\u00ab verkn\u00fcpft wird. Dies kommt in den antiken, schriftlichen Quellen ebenso zum Ausdruck (z. B. Schubert\/ Wei\u00df 2013), wie bei der Auswertung der materiellen Kultur, vornehmlich Keramik, wonach spezifische Elemente oder die Zusammensetzung des Tons als Indikatoren auf Fremdeinfl\u00fcsse bewertet werden (Uhl 2015, 6-20). Gerade jene \u00bbNomaden\u00ab sind es jedoch, welche vielfach die Tr\u00e4ger von Kreativit\u00e4t und Innovation sind und als die Kommunikatoren und Vertreiber von G\u00fctern und Ideen f\u00fcr die \u00bbsesshafte Welt\u00ab wirken.<\/p>\n\n\n\n<p>Einen weiteren Arbeitsbereich bilden Kommunikationsnetzwerke heute und damals sowie Fragen der Mobilit\u00e4t auf dem Balkan und in Osteuropa, denen ich mich in unterschiedlichen Arbeitsgruppen und Materialstudien widmen m\u00f6chte. Eine dieser Arbeitsgruppen wird im Rahmen der trilateralen Forschungskonferenzen Villa Vigoni (<a href=\"https:\/\/gepris.dfg.de\/gepris\/projekt\/452596260?findButton=historyCall&amp;hitsPerPage=25&amp;index=85775&amp;language=de&amp;nurProjekteMitAB=false&amp;teilprojekte=false\">&#8222;MoBaB | Mobilit\u00e4t auf dem Balkan w\u00e4hrend der Bronzezeit\/ Mobilit\u00e9 dans les Balkans durant l\u2019\u00e2ge du Bronze\/ Mobilit\u00e0 nei Balcani durante l\u2019Et\u00e0 del Bronzo&#8220;)<\/a> durch den DFG, Villa Vigoni und die Fondation Maison des Sciences de l\u2018Homme (FMSH) gef\u00f6rdert. Gemeinsam mit 16 Wissenschaftler*Innen aus dem gesamten Balkanraum erarbeiten wir neue Forschungsthemen und werden diese in der neu gegr\u00fcndeten Zeitschrift am CNR in Rom vorstellen und diskutieren.<\/p>\n\n\n\n<p>Weitere Projektskizzen, Ideen und wissenschaftliche Unternehmungen werde ich an dieser Stelle hoffentlich bald vorstellen k\u00f6nnen.<\/p>\n\n\n\n<figure class=\"wp-block-image size-large\"><img loading=\"lazy\" decoding=\"async\" width=\"1024\" height=\"768\" src=\"https:\/\/www.dainst.blog\/archaeology-in-eurasia\/wp-content\/uploads\/sites\/19\/2021\/09\/Uhl_Moldau_Grabung_Foto-MUrak1-1-1024x768.jpg\" alt=\"\" class=\"wp-image-932\" srcset=\"https:\/\/www.dainst.blog\/archaeology-in-eurasia\/wp-content\/uploads\/sites\/19\/2021\/09\/Uhl_Moldau_Grabung_Foto-MUrak1-1-1024x768.jpg 1024w, https:\/\/www.dainst.blog\/archaeology-in-eurasia\/wp-content\/uploads\/sites\/19\/2021\/09\/Uhl_Moldau_Grabung_Foto-MUrak1-1-300x225.jpg 300w, https:\/\/www.dainst.blog\/archaeology-in-eurasia\/wp-content\/uploads\/sites\/19\/2021\/09\/Uhl_Moldau_Grabung_Foto-MUrak1-1-768x576.jpg 768w, https:\/\/www.dainst.blog\/archaeology-in-eurasia\/wp-content\/uploads\/sites\/19\/2021\/09\/Uhl_Moldau_Grabung_Foto-MUrak1-1-1536x1152.jpg 1536w, https:\/\/www.dainst.blog\/archaeology-in-eurasia\/wp-content\/uploads\/sites\/19\/2021\/09\/Uhl_Moldau_Grabung_Foto-MUrak1-1-750x563.jpg 750w, https:\/\/www.dainst.blog\/archaeology-in-eurasia\/wp-content\/uploads\/sites\/19\/2021\/09\/Uhl_Moldau_Grabung_Foto-MUrak1-1.jpg 2048w\" sizes=\"(max-width: 1024px) 100vw, 1024px\" \/><figcaption>Dr. Regina Uhl auf der Grabungsfl\u00e4che ; Copyright: Dr. Regina Uhl  <\/figcaption><\/figure>\n\n\n\n<p>Literaturangaben:<\/p>\n\n\n\n<p>Appadurai 1986: A. Appadurai, The social life of things (Cambridge 1986).<\/p>\n\n\n\n<p>Uhl 2015: R. A. Uhl, Die Cucuteni C-Keramik: Forschungsgeschichtliche Aspekte und Perspektiven, Revista Arheologic\u0103. Seria Nou\u0103 vol. XI,1-2 (2015) 6\u201320.<\/p>\n\n\n\n<p>Weiterf\u00fchrende Links:<\/p>\n\n\n\n<figure class=\"wp-block-embed is-type-wp-embed is-provider-villa-vigoni-centro-italo-tedesco-per-il-dialogo-europeo wp-block-embed-villa-vigoni-centro-italo-tedesco-per-il-dialogo-europeo\"><div class=\"wp-block-embed__wrapper\">\n<blockquote class=\"wp-embedded-content\" data-secret=\"k75G6nmjhf\"><a href=\"https:\/\/www.villavigoni.eu\/\">Home<\/a><\/blockquote><iframe class=\"wp-embedded-content\" sandbox=\"allow-scripts\" security=\"restricted\" style=\"position: absolute; clip: rect(1px, 1px, 1px, 1px);\" title=\"&#8220;Home&#8221; &#8212; Villa Vigoni | Centro italo-tedesco per il dialogo europeo\" src=\"https:\/\/www.villavigoni.eu\/embed\/#?secret=k75G6nmjhf\" data-secret=\"k75G6nmjhf\" width=\"600\" height=\"338\" frameborder=\"0\" marginwidth=\"0\" marginheight=\"0\" scrolling=\"no\"><\/iframe>\n<\/div><\/figure>\n\n\n\n<figure class=\"wp-block-embed is-type-wp-embed is-provider-istituto-di-scienze-del-patrimonio-culturale wp-block-embed-istituto-di-scienze-del-patrimonio-culturale\"><div class=\"wp-block-embed__wrapper\">\n<blockquote class=\"wp-embedded-content\" data-secret=\"FdkmjckV91\"><a href=\"https:\/\/www.ispc.cnr.it\/it_it\/2021\/05\/06\/gruppo-di-preistoria-e-protostoria\/\">Preistoria e Protostoria<\/a><\/blockquote><iframe class=\"wp-embedded-content\" sandbox=\"allow-scripts\" security=\"restricted\" style=\"position: absolute; clip: rect(1px, 1px, 1px, 1px);\" title=\"&#8220;Preistoria e Protostoria&#8221; &#8212; Istituto di Scienze del Patrimonio Culturale\" src=\"https:\/\/www.ispc.cnr.it\/it_it\/2021\/05\/06\/gruppo-di-preistoria-e-protostoria\/embed\/#?secret=w1WViICCnB#?secret=FdkmjckV91\" data-secret=\"FdkmjckV91\" width=\"600\" height=\"338\" frameborder=\"0\" marginwidth=\"0\" marginheight=\"0\" scrolling=\"no\"><\/iframe>\n<\/div><\/figure>\n","protected":false},"excerpt":{"rendered":"<p>ls Nachfolgerin der Ukrainereferentin besch\u00e4ftige ich mich mit pr\u00e4historischer Schwarzmeerarch\u00e4ologie \u2013 ein Raum, mit dem ich mich in den letzten Jahren auch zur Promotion intensiv auseinandergesetzt habe. Dabei befasste ich mich mit Fragen der Technik- und Sozialgeschichte sowie der Formierung, aber auch arch\u00e4ologischen Sichtbarmachung sozialer Komplexit\u00e4t in der pr\u00e4historischen Arch\u00e4ologie.<\/p>\n","protected":false},"author":106,"featured_media":924,"comment_status":"closed","ping_status":"open","sticky":false,"template":"","format":"standard","meta":{"footnotes":""},"categories":[45],"tags":[52],"class_list":["post-922","post","type-post","status-publish","format-standard","has-post-thumbnail","hentry","category-aktuelles","tag-aktuelles"],"_links":{"self":[{"href":"https:\/\/www.dainst.blog\/archaeology-in-eurasia\/wp-json\/wp\/v2\/posts\/922"}],"collection":[{"href":"https:\/\/www.dainst.blog\/archaeology-in-eurasia\/wp-json\/wp\/v2\/posts"}],"about":[{"href":"https:\/\/www.dainst.blog\/archaeology-in-eurasia\/wp-json\/wp\/v2\/types\/post"}],"author":[{"embeddable":true,"href":"https:\/\/www.dainst.blog\/archaeology-in-eurasia\/wp-json\/wp\/v2\/users\/106"}],"replies":[{"embeddable":true,"href":"https:\/\/www.dainst.blog\/archaeology-in-eurasia\/wp-json\/wp\/v2\/comments?post=922"}],"version-history":[{"count":6,"href":"https:\/\/www.dainst.blog\/archaeology-in-eurasia\/wp-json\/wp\/v2\/posts\/922\/revisions"}],"predecessor-version":[{"id":1008,"href":"https:\/\/www.dainst.blog\/archaeology-in-eurasia\/wp-json\/wp\/v2\/posts\/922\/revisions\/1008"}],"wp:featuredmedia":[{"embeddable":true,"href":"https:\/\/www.dainst.blog\/archaeology-in-eurasia\/wp-json\/wp\/v2\/media\/924"}],"wp:attachment":[{"href":"https:\/\/www.dainst.blog\/archaeology-in-eurasia\/wp-json\/wp\/v2\/media?parent=922"}],"wp:term":[{"taxonomy":"category","embeddable":true,"href":"https:\/\/www.dainst.blog\/archaeology-in-eurasia\/wp-json\/wp\/v2\/categories?post=922"},{"taxonomy":"post_tag","embeddable":true,"href":"https:\/\/www.dainst.blog\/archaeology-in-eurasia\/wp-json\/wp\/v2\/tags?post=922"}],"curies":[{"name":"wp","href":"https:\/\/api.w.org\/{rel}","templated":true}]}}