{"id":1878,"date":"2021-05-07T10:08:30","date_gmt":"2021-05-07T08:08:30","guid":{"rendered":"https:\/\/www.dainst.blog\/daistanbul_blog\/?p=1878"},"modified":"2021-05-07T10:08:32","modified_gmt":"2021-05-07T08:08:32","slug":"lecture-announcement-yerel-muezecilikte-120-yil-bergama-muezesi-oernegi","status":"publish","type":"post","link":"https:\/\/www.dainst.blog\/daistanbul_blog\/2021\/05\/07\/lecture-announcement-yerel-muezecilikte-120-yil-bergama-muezesi-oernegi\/","title":{"rendered":"Lecture Announcement: Yerel M\u00fczecilikte 120 Y\u0131l &#8211; Bergama M\u00fczesi \u00d6rne\u011fi"},"content":{"rendered":"\n<p>On Tuesday, 11.05.2021 at 20:00 (19:00 CEST), our colleague Se\u00e7il Tezer-Altay together with the director of the Izmir Bergama Museum Nilg\u00fcn Ustura will give a lecture on &#8220;Yerel M\u00fczecilikte 120 Y\u0131l &#8211; Bergama M\u00fczesi \u00d6rne\u011fi&#8221; within the &#8220;ODT\u00dc Arkeoloji M\u00fczesi Konu\u015fmalar\u0131: Arkeoloji &#8211; M\u00fcze &#8211; Koruma&#8221; of the ODT\u00dc Archaeology Museum and TA\u00c7DAM Centre for Research and Assement of Historical Enviroment.<\/p>\n\n\n\n<figure class=\"wp-block-image size-large\"><img fetchpriority=\"high\" decoding=\"async\" width=\"1017\" height=\"1024\" src=\"https:\/\/www.dainst.blog\/daistanbul_blog\/wp-content\/uploads\/sites\/20\/2021\/05\/ODTU-MUZE_poster-3-1017x1024.jpg\" alt=\"\" class=\"wp-image-1879\" srcset=\"https:\/\/www.dainst.blog\/daistanbul_blog\/wp-content\/uploads\/sites\/20\/2021\/05\/ODTU-MUZE_poster-3-1017x1024.jpg 1017w, https:\/\/www.dainst.blog\/daistanbul_blog\/wp-content\/uploads\/sites\/20\/2021\/05\/ODTU-MUZE_poster-3-298x300.jpg 298w, https:\/\/www.dainst.blog\/daistanbul_blog\/wp-content\/uploads\/sites\/20\/2021\/05\/ODTU-MUZE_poster-3-150x150.jpg 150w, https:\/\/www.dainst.blog\/daistanbul_blog\/wp-content\/uploads\/sites\/20\/2021\/05\/ODTU-MUZE_poster-3-768x773.jpg 768w, https:\/\/www.dainst.blog\/daistanbul_blog\/wp-content\/uploads\/sites\/20\/2021\/05\/ODTU-MUZE_poster-3-1526x1536.jpg 1526w, https:\/\/www.dainst.blog\/daistanbul_blog\/wp-content\/uploads\/sites\/20\/2021\/05\/ODTU-MUZE_poster-3-2034x2048.jpg 2034w, https:\/\/www.dainst.blog\/daistanbul_blog\/wp-content\/uploads\/sites\/20\/2021\/05\/ODTU-MUZE_poster-3-750x755.jpg 750w, https:\/\/www.dainst.blog\/daistanbul_blog\/wp-content\/uploads\/sites\/20\/2021\/05\/ODTU-MUZE_poster-3-596x600.jpg 596w\" sizes=\"(max-width: 1017px) 100vw, 1017px\" \/><\/figure>\n\n\n\n<p>The event will be held in Turkish online via Zoom <a rel=\"noreferrer noopener\" href=\"https:\/\/zoom.us\/j\/96016937607?pwd=OEp4ak9ueXowWE5TOUdTREJ0Y2YyQT09\" target=\"_blank\">https:\/\/zoom.us\/j\/96016937607?pwd=OEp4ak9ueXowWE5TOUdTREJ0Y2YyQT09<\/a>\u00a0<\/p>\n","protected":false},"excerpt":{"rendered":"<p>On Tuesday, 11.05.2021 at 20:00 (19:00 CEST), our colleague Se\u00e7il Tezer-Altay together with the director of the Izmir Bergama Museum Nilg\u00fcn Ustura will give a lecture on &#8220;Yerel M\u00fczecilikte 120 Y\u0131l &#8211; Bergama M\u00fczesi \u00d6rne\u011fi&#8221; within the &#8220;ODT\u00dc Arkeoloji M\u00fczesi Konu\u015fmalar\u0131: Arkeoloji &#8211; M\u00fcze &#8211; Koruma&#8221; of the ODT\u00dc Archaeology Museum and TA\u00c7DAM Centre for [&hellip;]<\/p>\n","protected":false},"author":102,"featured_media":1879,"comment_status":"closed","ping_status":"closed","sticky":false,"template":"","format":"standard","meta":{"footnotes":""},"categories":[1,18],"tags":[],"class_list":["post-1878","post","type-post","status-publish","format-standard","has-post-thumbnail","hentry","category-allgemein","category-news"],"_links":{"self":[{"href":"https:\/\/www.dainst.blog\/daistanbul_blog\/wp-json\/wp\/v2\/posts\/1878"}],"collection":[{"href":"https:\/\/www.dainst.blog\/daistanbul_blog\/wp-json\/wp\/v2\/posts"}],"about":[{"href":"https:\/\/www.dainst.blog\/daistanbul_blog\/wp-json\/wp\/v2\/types\/post"}],"author":[{"embeddable":true,"href":"https:\/\/www.dainst.blog\/daistanbul_blog\/wp-json\/wp\/v2\/users\/102"}],"replies":[{"embeddable":true,"href":"https:\/\/www.dainst.blog\/daistanbul_blog\/wp-json\/wp\/v2\/comments?post=1878"}],"version-history":[{"count":1,"href":"https:\/\/www.dainst.blog\/daistanbul_blog\/wp-json\/wp\/v2\/posts\/1878\/revisions"}],"predecessor-version":[{"id":1880,"href":"https:\/\/www.dainst.blog\/daistanbul_blog\/wp-json\/wp\/v2\/posts\/1878\/revisions\/1880"}],"wp:featuredmedia":[{"embeddable":true,"href":"https:\/\/www.dainst.blog\/daistanbul_blog\/wp-json\/wp\/v2\/media\/1879"}],"wp:attachment":[{"href":"https:\/\/www.dainst.blog\/daistanbul_blog\/wp-json\/wp\/v2\/media?parent=1878"}],"wp:term":[{"taxonomy":"category","embeddable":true,"href":"https:\/\/www.dainst.blog\/daistanbul_blog\/wp-json\/wp\/v2\/categories?post=1878"},{"taxonomy":"post_tag","embeddable":true,"href":"https:\/\/www.dainst.blog\/daistanbul_blog\/wp-json\/wp\/v2\/tags?post=1878"}],"curies":[{"name":"wp","href":"https:\/\/api.w.org\/{rel}","templated":true}]}}