{"id":2307,"date":"2021-08-01T08:02:00","date_gmt":"2021-08-01T06:02:00","guid":{"rendered":"https:\/\/www.dainst.blog\/daistanbul_blog\/?p=2307"},"modified":"2021-08-01T09:48:59","modified_gmt":"2021-08-01T07:48:59","slug":"fieldwork-starts-at-goebekli-tepe","status":"publish","type":"post","link":"https:\/\/www.dainst.blog\/daistanbul_blog\/2021\/08\/01\/fieldwork-starts-at-goebekli-tepe\/","title":{"rendered":"Fieldwork starts at G\u00f6bekli Tepe"},"content":{"rendered":"\n<p style=\"font-size:18px\">Since the beginning of June, a small team from DAI-Istanbul \u2013 in collaboration with the Istanbul University and the \u015eanl\u0131urfa Museum \u2013 has resumed fieldwork at the UNESCO World Heritage Site of G\u00f6bekli Tepe, \u015eanl\u0131urfa, Southeast Turkey.<\/p>\n\n\n\n<div class=\"wp-block-image\"><figure class=\"aligncenter size-large is-resized\"><img fetchpriority=\"high\" decoding=\"async\" src=\"https:\/\/www.dainst.blog\/daistanbul_blog\/wp-content\/uploads\/sites\/20\/2021\/07\/GT-21-metal-roof-conservation-Lee-Clare-DSC_0399-1024x685.jpg\" alt=\"\" class=\"wp-image-2214\" width=\"632\" height=\"422\" \/><\/figure><\/div>\n\n\n\n<p class=\"has-text-align-right\" style=\"font-size:14px\"><em>(Photo: L. Clare, G\u00f6bekli Tepe Project 2021)<\/em><\/p>\n\n\n\n<p style=\"font-size:18px\"> The focus of our activities lies not only on archaeological excavations of several Aceramic Neolithic buildings (from c. 9.000 BC) but also on the conservation of the prehistoric ruins, including the famous monolithic T-shaped pillars, excavated in earlier years by Klaus Schmidt. Fieldwork will continue into the autumn and is already a popular attraction amongst visitors to the site.<\/p>\n\n\n\n<div style=\"height:20px\" aria-hidden=\"true\" class=\"wp-block-spacer\"><\/div>\n\n\n\n<p class=\"has-text-align-right\" style=\"font-size:14px\">Text: Lee Clare, IT DAI Istanbul\/ G\u00f6bekli Tepe Project<\/p>\n","protected":false},"excerpt":{"rendered":"<p>Since the beginning of June, a small team from DAI-Istanbul \u2013 in collaboration with the Istanbul University and the \u015eanl\u0131urfa Museum \u2013 has resumed fieldwork at the UNESCO World Heritage Site of G\u00f6bekli Tepe, \u015eanl\u0131urfa, Southeast Turkey. (Photo: L. Clare, G\u00f6bekli Tepe Project 2021) The focus of our activities lies not only on archaeological excavations [&hellip;]<\/p>\n","protected":false},"author":102,"featured_media":2222,"comment_status":"closed","ping_status":"open","sticky":false,"template":"","format":"standard","meta":{"footnotes":""},"categories":[1,18],"tags":[],"class_list":["post-2307","post","type-post","status-publish","format-standard","has-post-thumbnail","hentry","category-allgemein","category-news"],"_links":{"self":[{"href":"https:\/\/www.dainst.blog\/daistanbul_blog\/wp-json\/wp\/v2\/posts\/2307"}],"collection":[{"href":"https:\/\/www.dainst.blog\/daistanbul_blog\/wp-json\/wp\/v2\/posts"}],"about":[{"href":"https:\/\/www.dainst.blog\/daistanbul_blog\/wp-json\/wp\/v2\/types\/post"}],"author":[{"embeddable":true,"href":"https:\/\/www.dainst.blog\/daistanbul_blog\/wp-json\/wp\/v2\/users\/102"}],"replies":[{"embeddable":true,"href":"https:\/\/www.dainst.blog\/daistanbul_blog\/wp-json\/wp\/v2\/comments?post=2307"}],"version-history":[{"count":5,"href":"https:\/\/www.dainst.blog\/daistanbul_blog\/wp-json\/wp\/v2\/posts\/2307\/revisions"}],"predecessor-version":[{"id":2312,"href":"https:\/\/www.dainst.blog\/daistanbul_blog\/wp-json\/wp\/v2\/posts\/2307\/revisions\/2312"}],"wp:featuredmedia":[{"embeddable":true,"href":"https:\/\/www.dainst.blog\/daistanbul_blog\/wp-json\/wp\/v2\/media\/2222"}],"wp:attachment":[{"href":"https:\/\/www.dainst.blog\/daistanbul_blog\/wp-json\/wp\/v2\/media?parent=2307"}],"wp:term":[{"taxonomy":"category","embeddable":true,"href":"https:\/\/www.dainst.blog\/daistanbul_blog\/wp-json\/wp\/v2\/categories?post=2307"},{"taxonomy":"post_tag","embeddable":true,"href":"https:\/\/www.dainst.blog\/daistanbul_blog\/wp-json\/wp\/v2\/tags?post=2307"}],"curies":[{"name":"wp","href":"https:\/\/api.w.org\/{rel}","templated":true}]}}