{"id":5426,"date":"2023-04-06T14:27:54","date_gmt":"2023-04-06T12:27:54","guid":{"rendered":"https:\/\/www.dainst.blog\/daistanbul_blog\/?p=5426"},"modified":"2023-04-06T14:28:29","modified_gmt":"2023-04-06T12:28:29","slug":"the-exhibition-an-archive-within-an-archive-is-also-available-in-turkish","status":"publish","type":"post","link":"https:\/\/www.dainst.blog\/daistanbul_blog\/2023\/04\/06\/the-exhibition-an-archive-within-an-archive-is-also-available-in-turkish\/","title":{"rendered":"The exhibition &#8220;An Archive within an Archive&#8221; is also available in Turkish"},"content":{"rendered":"\n<p style=\"font-size:18px\">The online exhibition \u201cAn Archive within an Archive\u201d, which was prepared for the International Congress of Byzantine Studies in Venice and Padua in August 2022 is now also available in Turkish. <\/p>\n\n\n<div class=\"wp-block-image is-style-default\">\n<figure class=\"aligncenter size-large is-resized\"><img fetchpriority=\"high\" decoding=\"async\" src=\"https:\/\/www.dainst.blog\/daistanbul_blog\/wp-content\/uploads\/sites\/20\/2022\/08\/1-poster-1024x576.jpg\" alt=\"\" class=\"wp-image-4003\" width=\"741\" height=\"416\" srcset=\"https:\/\/www.dainst.blog\/daistanbul_blog\/wp-content\/uploads\/sites\/20\/2022\/08\/1-poster-1024x576.jpg 1024w, https:\/\/www.dainst.blog\/daistanbul_blog\/wp-content\/uploads\/sites\/20\/2022\/08\/1-poster-300x169.jpg 300w, https:\/\/www.dainst.blog\/daistanbul_blog\/wp-content\/uploads\/sites\/20\/2022\/08\/1-poster-768x432.jpg 768w, https:\/\/www.dainst.blog\/daistanbul_blog\/wp-content\/uploads\/sites\/20\/2022\/08\/1-poster-1536x864.jpg 1536w, https:\/\/www.dainst.blog\/daistanbul_blog\/wp-content\/uploads\/sites\/20\/2022\/08\/1-poster-2048x1152.jpg 2048w, https:\/\/www.dainst.blog\/daistanbul_blog\/wp-content\/uploads\/sites\/20\/2022\/08\/1-poster-750x422.jpg 750w\" sizes=\"(max-width: 741px) 100vw, 741px\" \/><\/figure><\/div>\n\n\n<p style=\"font-size:18px\">The exhibition\u2019s subject forms a 74 pages long notebook that appeared while digitizing the M\u00fcller-Wiener archive. After the discovery of the notebook, the curiosity was high as to who it belonged to. It was a surprise when it turned out to belong to Ernest Mamboury.<\/p>\n\n\n<div class=\"wp-block-image is-style-default\">\n<figure class=\"aligncenter size-large is-resized\"><a href=\"https:\/\/www.dainst.blog\/daistanbul_blog\/wp-content\/uploads\/sites\/20\/2022\/08\/67-44-scaled.jpg\"><img decoding=\"async\" src=\"https:\/\/www.dainst.blog\/daistanbul_blog\/wp-content\/uploads\/sites\/20\/2022\/08\/67-44-1024x702.jpg\" alt=\"\" class=\"wp-image-4367\" width=\"725\" height=\"496\" srcset=\"https:\/\/www.dainst.blog\/daistanbul_blog\/wp-content\/uploads\/sites\/20\/2022\/08\/67-44-1024x702.jpg 1024w, https:\/\/www.dainst.blog\/daistanbul_blog\/wp-content\/uploads\/sites\/20\/2022\/08\/67-44-300x206.jpg 300w, https:\/\/www.dainst.blog\/daistanbul_blog\/wp-content\/uploads\/sites\/20\/2022\/08\/67-44-768x526.jpg 768w, https:\/\/www.dainst.blog\/daistanbul_blog\/wp-content\/uploads\/sites\/20\/2022\/08\/67-44-1536x1053.jpg 1536w, https:\/\/www.dainst.blog\/daistanbul_blog\/wp-content\/uploads\/sites\/20\/2022\/08\/67-44-2048x1403.jpg 2048w, https:\/\/www.dainst.blog\/daistanbul_blog\/wp-content\/uploads\/sites\/20\/2022\/08\/67-44-750x514.jpg 750w\" sizes=\"(max-width: 725px) 100vw, 725px\" \/><\/a><\/figure><\/div>\n\n\n<div style=\"height:50px\" aria-hidden=\"true\" class=\"wp-block-spacer\"><\/div>\n\n\n\n<p style=\"font-size:18px\">Enjoy the exhibition &#8220;<strong>Ar\u015fiv \u0130\u00e7inde Ar\u015fiv. Mamboury&#8217;nin Not Defteri<\/strong>&#8220;<\/p>\n\n\n\n<p class=\"has-text-align-right\" style=\"font-size:18px\"><a href=\"https:\/\/www.dainst.blog\/daistanbul_blog\/an-archive-within-an-archive-tr\/\">https:\/\/www.dainst.blog\/daistanbul_blog\/an-archive-within-an-archive-tr\/<\/a><\/p>\n\n\n\n<div style=\"height:50px\" aria-hidden=\"true\" class=\"wp-block-spacer\"><\/div>\n\n\n\n<p class=\"has-text-align-right\" style=\"font-size:16px\"><em>Author: Berna G\u00fcler, Photo Archive (DAI Istanbul)<\/em><\/p>\n","protected":false},"excerpt":{"rendered":"<p>The online exhibition \u201cAn Archive within an Archive\u201d, which was prepared for the International Congress of Byzantine Studies in Venice and Padua in August 2022 is now also available in Turkish. The exhibition\u2019s subject forms a 74 pages long notebook that appeared while digitizing the M\u00fcller-Wiener archive. After the discovery of the notebook, the curiosity [&hellip;]<\/p>\n","protected":false},"author":102,"featured_media":4003,"comment_status":"closed","ping_status":"closed","sticky":false,"template":"","format":"standard","meta":{"footnotes":""},"categories":[18],"tags":[],"class_list":["post-5426","post","type-post","status-publish","format-standard","has-post-thumbnail","hentry","category-news"],"_links":{"self":[{"href":"https:\/\/www.dainst.blog\/daistanbul_blog\/wp-json\/wp\/v2\/posts\/5426"}],"collection":[{"href":"https:\/\/www.dainst.blog\/daistanbul_blog\/wp-json\/wp\/v2\/posts"}],"about":[{"href":"https:\/\/www.dainst.blog\/daistanbul_blog\/wp-json\/wp\/v2\/types\/post"}],"author":[{"embeddable":true,"href":"https:\/\/www.dainst.blog\/daistanbul_blog\/wp-json\/wp\/v2\/users\/102"}],"replies":[{"embeddable":true,"href":"https:\/\/www.dainst.blog\/daistanbul_blog\/wp-json\/wp\/v2\/comments?post=5426"}],"version-history":[{"count":2,"href":"https:\/\/www.dainst.blog\/daistanbul_blog\/wp-json\/wp\/v2\/posts\/5426\/revisions"}],"predecessor-version":[{"id":5428,"href":"https:\/\/www.dainst.blog\/daistanbul_blog\/wp-json\/wp\/v2\/posts\/5426\/revisions\/5428"}],"wp:featuredmedia":[{"embeddable":true,"href":"https:\/\/www.dainst.blog\/daistanbul_blog\/wp-json\/wp\/v2\/media\/4003"}],"wp:attachment":[{"href":"https:\/\/www.dainst.blog\/daistanbul_blog\/wp-json\/wp\/v2\/media?parent=5426"}],"wp:term":[{"taxonomy":"category","embeddable":true,"href":"https:\/\/www.dainst.blog\/daistanbul_blog\/wp-json\/wp\/v2\/categories?post=5426"},{"taxonomy":"post_tag","embeddable":true,"href":"https:\/\/www.dainst.blog\/daistanbul_blog\/wp-json\/wp\/v2\/tags?post=5426"}],"curies":[{"name":"wp","href":"https:\/\/api.w.org\/{rel}","templated":true}]}}