{"id":259,"date":"2021-03-01T11:13:44","date_gmt":"2021-03-01T11:13:44","guid":{"rendered":"http:\/\/www.dainst.blog\/freunde-rgk\/?p=259"},"modified":"2022-04-06T13:37:13","modified_gmt":"2022-04-06T12:37:13","slug":"die-abendvortraege-des-foerdervereins-der-rgk-ziehen-ins-internet","status":"publish","type":"post","link":"https:\/\/www.dainst.blog\/freunde-rgk\/die-abendvortraege-des-foerdervereins-der-rgk-ziehen-ins-internet\/","title":{"rendered":"Die Abendvortr\u00e4ge des F\u00f6rdervereins der RGK ziehen ins Internet!"},"content":{"rendered":"\t\t<div data-elementor-type=\"wp-post\" data-elementor-id=\"259\" class=\"elementor elementor-259\">\n\t\t\t\t\t\t<section class=\"elementor-section elementor-top-section elementor-element elementor-element-21d42cbe elementor-section-boxed elementor-section-height-default elementor-section-height-default\" data-id=\"21d42cbe\" data-element_type=\"section\" data-e-type=\"section\">\n\t\t\t\t\t\t<div class=\"elementor-container elementor-column-gap-default\">\n\t\t\t\t\t<div class=\"elementor-column elementor-col-100 elementor-top-column elementor-element elementor-element-6522f8c9\" data-id=\"6522f8c9\" data-element_type=\"column\" data-e-type=\"column\">\n\t\t\t<div class=\"elementor-widget-wrap elementor-element-populated\">\n\t\t\t\t\t\t<div class=\"elementor-element elementor-element-2171248e elementor-widget elementor-widget-text-editor\" data-id=\"2171248e\" data-element_type=\"widget\" data-e-type=\"widget\" data-widget_type=\"text-editor.default\">\n\t\t\t\t<div class=\"elementor-widget-container\">\n\t\t\t\t\t\t\t\t\t<p><\/p>\n<p style=\"text-align: left\">Da aufgrund der Ma\u00dfnahmen gegen die Ausbreitung von COVID-19 seit M\u00e4rz 2020 die traditionellen gemeinsamen Abendvortr\u00e4ge der RGK und der Freunde der Arch\u00e4ologie nicht mehr vor Ort stattfinden k\u00f6nnen, entschloss sich der Vorstand des Vereines die Abendvortr\u00e4ge digital ins Netz zu bringen!<\/p>\n<p><\/p>\n<p><\/p>\n<p>Unter der Initiative unseres Schatzmeisters Thomas Claus, hauptamtlich Regisseur und Produzent, wurden im Juni und Novemver 2020 an der Evangelischen Akademie in Frankfurt am Main insgesamt acht digitale Vortr\u00e4ge aufgezeichnet. Lesen Sie zu den Aufzeichnungen der ersten digitalen Vortragsreihe einen Beitrag im <a href=\"https:\/\/www.dainst.blog\/crossing-borders\/2020\/07\/17\/die-abendvortraege-des-foerdervereins-der-rgk-ziehen-ins-internet\/\" target=\"_blank\" rel=\"noreferrer noopener\">RGK-Blog<\/a>.<\/p>\n<p><\/p>\n<p><\/p>\n<p>Eine weitere Reihe von vier digitalen Vortr\u00e4gen wurde angesichts des weitreichenden Anklangs und positiver Resonanz im November 2020 aufgezeichnet.Die digitale Vortragsreihe finden Sie gesammelt in einer Playlist auf dem <a href=\"https:\/\/www.youtube.com\/watch?v=X24VP_HKGyE&amp;list=PLq4Pz4R7ts0X8Fe2_hyl1kNeDgc7NTTMj\" target=\"_blank\" rel=\"noopener\">YouTube-Kanal<\/a> des Deutschen Arch\u00e4ologischen Instituts. \u00a0<\/p>\n<p><\/p>\n<p><\/p>\n<p><\/p>\t\t\t\t\t\t\t\t<\/div>\n\t\t\t\t<\/div>\n\t\t\t\t\t<\/div>\n\t\t<\/div>\n\t\t\t\t\t<\/div>\n\t\t<\/section>\n\t\t\t\t<section class=\"elementor-section elementor-top-section elementor-element elementor-element-3d2553c elementor-section-boxed elementor-section-height-default elementor-section-height-default\" data-id=\"3d2553c\" data-element_type=\"section\" data-e-type=\"section\">\n\t\t\t\t\t\t<div class=\"elementor-container elementor-column-gap-default\">\n\t\t\t\t\t<div class=\"elementor-column elementor-col-100 elementor-top-column elementor-element elementor-element-9a719d0\" data-id=\"9a719d0\" data-element_type=\"column\" data-e-type=\"column\">\n\t\t\t<div class=\"elementor-widget-wrap elementor-element-populated\">\n\t\t\t\t\t\t<div class=\"elementor-element elementor-element-2aac031 elementor-widget elementor-widget-image\" data-id=\"2aac031\" data-element_type=\"widget\" data-e-type=\"widget\" data-widget_type=\"image.default\">\n\t\t\t\t<div class=\"elementor-widget-container\">\n\t\t\t\t\t\t\t\t\t\t\t\t<figure class=\"wp-caption\">\n\t\t\t\t\t\t\t\t\t\t<img fetchpriority=\"high\" decoding=\"async\" width=\"600\" height=\"400\" src=\"https:\/\/www.dainst.blog\/freunde-rgk\/wp-content\/uploads\/sites\/33\/2022\/04\/grafik-1-600x400-1.png\" class=\"attachment-large size-large wp-image-404\" alt=\"\" srcset=\"https:\/\/www.dainst.blog\/freunde-rgk\/wp-content\/uploads\/sites\/33\/2022\/04\/grafik-1-600x400-1.png 600w, https:\/\/www.dainst.blog\/freunde-rgk\/wp-content\/uploads\/sites\/33\/2022\/04\/grafik-1-600x400-1-300x200.png 300w\" sizes=\"(max-width: 600px) 100vw, 600px\" \/>\t\t\t\t\t\t\t\t\t\t\t<figcaption class=\"widget-image-caption wp-caption-text\">Aufnahmen f\u00fcr die digitale Vortragsreihe des F\u00f6rdervereines und der RGK in der Evangelischen Akademie in Frankfurt [Attribution: Ch. Rummel; Copyright: RGK]<\/figcaption>\n\t\t\t\t\t\t\t\t\t\t<\/figure>\n\t\t\t\t\t\t\t\t\t<\/div>\n\t\t\t\t<\/div>\n\t\t\t\t\t<\/div>\n\t\t<\/div>\n\t\t\t\t\t<\/div>\n\t\t<\/section>\n\t\t\t\t<section class=\"elementor-section elementor-top-section elementor-element elementor-element-23358d6 elementor-section-boxed elementor-section-height-default elementor-section-height-default\" data-id=\"23358d6\" data-element_type=\"section\" data-e-type=\"section\">\n\t\t\t\t\t\t<div class=\"elementor-container elementor-column-gap-default\">\n\t\t\t\t\t<div class=\"elementor-column elementor-col-100 elementor-top-column elementor-element elementor-element-f48cf3e\" data-id=\"f48cf3e\" data-element_type=\"column\" data-e-type=\"column\">\n\t\t\t<div class=\"elementor-widget-wrap elementor-element-populated\">\n\t\t\t\t\t\t<div class=\"elementor-element elementor-element-449c0fc elementor-widget elementor-widget-text-editor\" data-id=\"449c0fc\" data-element_type=\"widget\" data-e-type=\"widget\" data-widget_type=\"text-editor.default\">\n\t\t\t\t<div class=\"elementor-widget-container\">\n\t\t\t\t\t\t\t\t\t<p>Folgende digitalen Vortr\u00e4ge stehen f\u00fcr Sie bereits online zur Verf\u00fcgung:<\/p>\n<p><strong>Dr. Knut Rassmann (RGK, Frankfurt), <\/strong><a href=\"https:\/\/youtu.be\/5KXHi7ylI7c\" target=\"_blank\" rel=\"noreferrer noopener\">\u201eSakrale Landschaften und Monumente? Zu den aktuellen Forschungen der RGK im Boyne Valley (Irland) und der Orkney-Insel Rousay (Schottland)<\/a><a href=\"https:\/\/youtu.be\/BWoOyeX6yO0\" target=\"_blank\" rel=\"noreferrer noopener\">&#8222;<\/a>.<\/p>\n<p><strong>Prof. Dr. Markus Scholz (Goethe-Universit\u00e4t Frankfurt),<\/strong> <a href=\"https:\/\/youtu.be\/BWoOyeX6yO0\" target=\"_blank\" rel=\"noreferrer noopener\">\u201e<\/a><a href=\"https:\/\/www.youtube.com\/watch?v=jWpwYEw1x2U&amp;list=PLq4Pz4R7ts0X8Fe2_hyl1kNeDgc7NTTMj&amp;index=4\" target=\"_blank\" rel=\"noreferrer noopener\">Eine r\u00f6mische Liebeserkl\u00e4rung aus Hungen-Inheiden (Kr. Gie\u00dfen): Aspekte der Gesellschaft am Limes&#8220;<\/a>.<\/p>\n<p><strong>Dr. Christoph Rummel (RGK, Frankfurt),<\/strong> <a href=\"https:\/\/youtu.be\/BWoOyeX6yO0\" target=\"_blank\" rel=\"noreferrer noopener\">\u201eNavigare necesse est\u2026 Neues und Altes zu r\u00f6mischen Flotten und Flussgrenzen&#8220;<\/a>.<\/p>\n<p><strong>Dr. David Wigg-Wolff (RGK, Frankfurt),<\/strong> <a href=\"https:\/\/youtu.be\/ngYFhL3qUIQ\" target=\"_blank\" rel=\"noreferrer noopener\">\u201eRepr\u00e4sentationen der Macht: M\u00fcnzen als neue Quelle zum Aufstieg der Goten?\u201c<\/a>.<\/p>\n<p><strong>Dr. Gabriele Rasbach (RGK, Frankfurt),<\/strong> <a href=\"https:\/\/www.youtube.com\/watch?v=X24VP_HKGyE&amp;list=PLq4Pz4R7ts0X8Fe2_hyl1kNeDgc7NTTMj&amp;index=1\">\u201eKulturkontakte \u2013 Mobilit\u00e4t \u2013 Migration \u2013 &#8230;Das r\u00f6mische Waldgirmes und das englische Jamesfort \/Jamestown&#8220;<\/a><\/p>\n<p><strong>Dr. Daniel Burger-V\u00f6llmecke (Stiftung Stadtmuseum Wiesbaden),<\/strong> <a href=\"https:\/\/youtu.be\/BWoOyeX6yO0\" target=\"_blank\" rel=\"noreferrer noopener\">\u201e<\/a><a href=\"https:\/\/youtu.be\/HsDsNVL77Zc\" target=\"_blank\" rel=\"noreferrer noopener\" data-type=\"URL\" data-id=\"https:\/\/youtu.be\/HsDsNVL77Zc\">Roms 400-j\u00e4hriger Milit\u00e4rst\u00fctzpunkt in Mainz \u2013 Neue Erkenntnisse<br \/>zur Chronologie und Umwehrung des Legionslagers von Mogontiacum<\/a>&#8222;<\/p>\n<p><b>Dr. Sandra Schr\u00f6er (RGK, Frankfurt), <\/b><a href=\"https:\/\/youtu.be\/x67DM9wxLdw\" target=\"_blank\" rel=\"noopener\">\u201eDas r\u00f6merzeitliche Siedlungsmuster im Bereich der n\u00f6rdlichen Provinzgrenze zwischen R\u00e4tien und Obergermanien. GIS-gest\u00fctzte Raumanalyse zur Ann\u00e4herung an eine Binnengrenze des R\u00f6misches Reiches&#8220;<\/a><b>.<\/b><\/p>\n<p><b>Dr. Katja R\u00f6sler (RGK, Frankurt),\u00a0<\/b> <a href=\"https:\/\/youtu.be\/NUr6rq7bMQ4\" target=\"_blank\" rel=\"noopener\">&#8222;Von Scherbenhaufen zur digitaler Ordnung. Warum wir in der Arch\u00e4ologie so gerne Keramik klassifizieren&#8220;<\/a><b>. <\/b><\/p>\t\t\t\t\t\t\t\t<\/div>\n\t\t\t\t<\/div>\n\t\t\t\t\t<\/div>\n\t\t<\/div>\n\t\t\t\t\t<\/div>\n\t\t<\/section>\n\t\t\t\t<section class=\"elementor-section elementor-top-section elementor-element elementor-element-faab87d elementor-section-boxed elementor-section-height-default elementor-section-height-default\" data-id=\"faab87d\" data-element_type=\"section\" data-e-type=\"section\">\n\t\t\t\t\t\t<div class=\"elementor-container elementor-column-gap-default\">\n\t\t\t\t\t<div class=\"elementor-column elementor-col-100 elementor-top-column elementor-element elementor-element-2f81642\" data-id=\"2f81642\" data-element_type=\"column\" data-e-type=\"column\">\n\t\t\t<div class=\"elementor-widget-wrap elementor-element-populated\">\n\t\t\t\t\t\t<div class=\"elementor-element elementor-element-0897ca8 elementor-widget elementor-widget-text-editor\" data-id=\"0897ca8\" data-element_type=\"widget\" data-e-type=\"widget\" data-widget_type=\"text-editor.default\">\n\t\t\t\t<div class=\"elementor-widget-container\">\n\t\t\t\t\t\t\t\t\t<p style=\"text-align: center\"><em>Wir w\u00fcnschen Ihnen viel Freude und gute Unterhaltung mit den digitalen Vortr\u00e4gen der Freunde der Arch\u00e4ologie!<\/em><\/p>\t\t\t\t\t\t\t\t<\/div>\n\t\t\t\t<\/div>\n\t\t\t\t\t<\/div>\n\t\t<\/div>\n\t\t\t\t\t<\/div>\n\t\t<\/section>\n\t\t\t\t<\/div>\n\t\t","protected":false},"excerpt":{"rendered":"<p>Da aufgrund der Ma\u00dfnahmen gegen die Ausbreitung von COVID-19 seit M\u00e4rz 2020 die traditionellen gemeinsamen Abendvortr\u00e4ge der RGK und der Freunde der Arch\u00e4ologie nicht mehr vor Ort stattfinden k\u00f6nnen, entschloss sich der Vorstand des Vereines die Abendvortr\u00e4ge digital ins Netz zu bringen! Unter der Initiative unseres Schatzmeisters Thomas Claus, hauptamtlich Regisseur und Produzent, wurden im [&hellip;]<\/p>\n","protected":false},"author":103,"featured_media":0,"comment_status":"closed","ping_status":"closed","sticky":false,"template":"","format":"standard","meta":{"footnotes":""},"categories":[5],"tags":[],"class_list":["post-259","post","type-post","status-publish","format-standard","hentry","category-digitale-vortragsreihe","post-preview"],"_links":{"self":[{"href":"https:\/\/www.dainst.blog\/freunde-rgk\/wp-json\/wp\/v2\/posts\/259"}],"collection":[{"href":"https:\/\/www.dainst.blog\/freunde-rgk\/wp-json\/wp\/v2\/posts"}],"about":[{"href":"https:\/\/www.dainst.blog\/freunde-rgk\/wp-json\/wp\/v2\/types\/post"}],"author":[{"embeddable":true,"href":"https:\/\/www.dainst.blog\/freunde-rgk\/wp-json\/wp\/v2\/users\/103"}],"replies":[{"embeddable":true,"href":"https:\/\/www.dainst.blog\/freunde-rgk\/wp-json\/wp\/v2\/comments?post=259"}],"version-history":[{"count":20,"href":"https:\/\/www.dainst.blog\/freunde-rgk\/wp-json\/wp\/v2\/posts\/259\/revisions"}],"predecessor-version":[{"id":417,"href":"https:\/\/www.dainst.blog\/freunde-rgk\/wp-json\/wp\/v2\/posts\/259\/revisions\/417"}],"wp:attachment":[{"href":"https:\/\/www.dainst.blog\/freunde-rgk\/wp-json\/wp\/v2\/media?parent=259"}],"wp:term":[{"taxonomy":"category","embeddable":true,"href":"https:\/\/www.dainst.blog\/freunde-rgk\/wp-json\/wp\/v2\/categories?post=259"},{"taxonomy":"post_tag","embeddable":true,"href":"https:\/\/www.dainst.blog\/freunde-rgk\/wp-json\/wp\/v2\/tags?post=259"}],"curies":[{"name":"wp","href":"https:\/\/api.w.org\/{rel}","templated":true}]}}