{"id":2183,"date":"2024-05-21T10:17:08","date_gmt":"2024-05-21T08:17:08","guid":{"rendered":"https:\/\/www.dainst.blog\/transpergmikro\/?p=2183"},"modified":"2024-08-01T11:52:36","modified_gmt":"2024-08-01T09:52:36","slug":"new-publication-tuk-3","status":"publish","type":"post","link":"https:\/\/www.dainst.blog\/transpergmikro\/new-publication-tuk-3\/","title":{"rendered":"New Publication: Micro-Regions as Spaces of Socio-Ecological Interaction"},"content":{"rendered":"<p>The growing awareness of the current climate crisis has led to an increased interest in the investigation of historical human-environment interactions. In this context, the micro region has proven to be a significant category for ecological, socio-economic and cultural analyses. Within the framework of the micro-region, it is possible to reconstruct complex socio-ecological systems. The present volume offers a collection of papers held in 2022 at a workshop organized by the project \u00bb<a href=\"https:\/\/www.dainst.blog\/transpergmikro\/about-the-project\/\" target=\"_blank\" rel=\"noopener\">The Transformation of the Pergamon Micro Region between the Hellenistic and the Roman Imperial Period<\/a>\u00ab. The interdisciplinary contributions reflect on micro regions as spaces of socio-ecological interaction on a theoretical, methodological and empirical level. They convey the current state of knowledge for various regions of the Mediterranean and reveal perspectives for future research.<\/p>\n\n\n<hr class=\"wp-block-separator has-alpha-channel-opacity\" \/>\n\n\n<p><strong>Micro-Regions as Spaces of Socio-Ecological Interaction: 1st Milestone Workshop of the Project \u00bbThe Transformation of the Pergamon Micro-Region between the Hellenistic and the Roman Imperial Period\u00ab. Istanbul, 11\u201312 March 2022<\/strong><\/p>\n<p><em>Felix Pirson, Brigitta Sch\u00fctt, Thekla Schulz (eds.)<\/em><\/p>\n<p><a href=\"https:\/\/doi.org\/10.34780\/b573-qb3b\" target=\"_blank\" rel=\"noopener\">Full text PDF Download<\/a><\/p>\n\n\n<hr class=\"wp-block-separator has-alpha-channel-opacity\" \/>\n\n\n<p><strong>Chapters<\/strong><\/p>\n<p><strong>Foreword by the Editors<\/strong><br \/>Felix Pirson, Brigitta Sch\u00fctt, Thekla Schulz<\/p>\n<p><strong>Introduction: Micro-Region and Social Ecology<\/strong><br \/>Felix Pirson, Brigitta Sch\u00fctt, Thekla Schulz, G\u00fcler Ate\u015f, Daniel Knitter, Ulrich Mania<\/p>\n<p><strong>From Micro- to Macro-Region. Theory and Case-Studies from the Greco-Roman Mediterranean<\/strong><br \/>John Bintliff<\/p>\n<p><strong>Modelling Socio-Ecological Systems in Archaeology. Interdisciplinary Perspectives on the Concept of \u203aMicro-Region\u2039<\/strong><br \/>Dries Daems<\/p>\n<p><strong>How much was needed? Modelling Small Scale Economic Flows of Resources and Labor in the Pergamon Micro-Region<\/strong><br \/>Julian Laabs, Daniel Knitter<\/p>\n<p><strong>\u203aKnown Unknowns\u2039 &#8211; The Micro-Region Pergamon and the Written Sources<\/strong><br \/>Andreas Victor Walser, Ursula Kunnert<\/p>\n<p><strong>Internal Conficts in Roman-Era Greek Cities<\/strong><br \/>Arjan Zuiderhoek<\/p>\n<p><strong>Studying Coastal Resources and Resource Control in the Context of Early State Formation on the Tyrrhenian Coast (Italy)<\/strong><br \/>Peter Attema, Luca Alessandri, Francesca Bulian, Jan Sevink<\/p>\n<p><strong>Micro-Regions in the Central Mediterranean. Settlement Systems, Nature and Environment in Greco-Roman Sicily<\/strong><br \/>Johannes Bergemann<\/p>\n<p><strong>Resilience of Rural Cultural Landscapes in the Urla\u2013\u00c7e\u015fme Peninsula<\/strong><br \/>Elif Koparal, Volkan Demirciler<\/p>\n<p><strong>The World, My Village. Structuring Thoughts on Agriculture and Pastoralism in Southwest Anatolia in Roman Imperial Times<\/strong><br \/>Jeroen Poblome, Ralf Vandam<\/p>\n<p><strong>Quarries, Monuments and Benefactors. The Connectivity of Natural Resources, Building Activities and Society in Roman Aphrodisias<\/strong><br \/>Ursula Quatember<\/p>\n<p><strong>How Many Micro-Regions in Rural Petra? Current Approaches to Researching Social Landscapes in the Hinterland of Petra, Jordan<\/strong><br \/>Will Kennedy<\/p>\n<p><strong>The Socio-Ecological Model of the Pergamon Micro-Region from a Geoarchaeological Perspective<\/strong><br \/><strong>How to Integrate Geomorphodynamics?<\/strong><br \/>Fabian Becker, Xun Yang, Mehmet Do\u011fan, Brigitta Sch\u00fctt<\/p>\n<p><strong>Demography and Living Conditions in the Lower City of Roman Pergamon. A Survey of Socio-Ecological Interaction in the Pergamon Micro-Region<\/strong><br \/>Wolf-R\u00fcdiger Teegen with a contribution by Turhan Do\u011fan<\/p>\n<p><strong>The Rural Landscape of the Pergamon Micro-Region as Space of Socio-Ecological Interaction. The Archaeological Perspective<\/strong><br \/>Felix Pirson, Bernhard Ludwig, G\u00fcler Ate\u015f, Zeki Mete Aksan<\/p>\n<p><strong>Construction in Imperial Asia Minor and in Pergamon. Building as a Source of Understanding Economy, Society, Technology and Ecology<\/strong><br \/>Ulrich Mania<\/p>\n<p><strong>Large-scale Buildings of the Imperial Period in Pergamon. Land and Material Consumption<\/strong><br \/>Thekla Schulz, L\u00e9a Geisler, \u0130hsan Yenero\u011flu<\/p>\n<p><strong>Urban Economic Spaces in the Pergamon Micro-Region. Economic Activities and Functions in the Context of Socio-Ecological Developments<\/strong><br \/>Sandra V\u00f6lkel<\/p>\n<p><strong>The Pitane Survey (2019\u20132021). The Manufacture of Terra Sigillata\/Red Slip Ware within a Regional Socio-Ecological Context<\/strong><br \/>Philip Bes, Anneke Keweloh-Kaletta<\/p>\n<p><strong>Conclusions and Perspectives<\/strong><br \/>Felix Pirson<\/p>\n<p><strong>Bibliography<\/strong><\/p>\n\n\n<p><\/p>\n\n\n\n<hr class=\"wp-block-separator has-alpha-channel-opacity\" \/>\n","protected":false},"excerpt":{"rendered":"<p>The publication offers a collection of papers held in 2022 at a workshop organized by the DFG-funded TransPergMicro project. The interdisciplinary contributions reflect on micro-regions as spaces of socio-ecological interaction on a theoretical, methodological and empirical level. They convey the current state of knowledge for various regions of the Mediterranean and reveal perspectives for future research.<\/p>\n","protected":false},"author":21,"featured_media":2180,"comment_status":"closed","ping_status":"closed","sticky":false,"template":"","format":"standard","meta":{"footnotes":""},"categories":[15,19,17,1],"tags":[40,45,25,47,44,39],"class_list":["post-2183","post","type-post","status-publish","format-standard","has-post-thumbnail","hentry","category-archaologie-eng","category-bauforschung-eng","category-geographie-eng","category-projekt-eng","tag-dfg","tag-micro-region","tag-pergamon","tag-publication","tag-transpergmicro","tag-transpergmikro"],"_links":{"self":[{"href":"https:\/\/www.dainst.blog\/transpergmikro\/wp-json\/wp\/v2\/posts\/2183"}],"collection":[{"href":"https:\/\/www.dainst.blog\/transpergmikro\/wp-json\/wp\/v2\/posts"}],"about":[{"href":"https:\/\/www.dainst.blog\/transpergmikro\/wp-json\/wp\/v2\/types\/post"}],"author":[{"embeddable":true,"href":"https:\/\/www.dainst.blog\/transpergmikro\/wp-json\/wp\/v2\/users\/21"}],"replies":[{"embeddable":true,"href":"https:\/\/www.dainst.blog\/transpergmikro\/wp-json\/wp\/v2\/comments?post=2183"}],"version-history":[{"count":4,"href":"https:\/\/www.dainst.blog\/transpergmikro\/wp-json\/wp\/v2\/posts\/2183\/revisions"}],"predecessor-version":[{"id":2232,"href":"https:\/\/www.dainst.blog\/transpergmikro\/wp-json\/wp\/v2\/posts\/2183\/revisions\/2232"}],"wp:featuredmedia":[{"embeddable":true,"href":"https:\/\/www.dainst.blog\/transpergmikro\/wp-json\/wp\/v2\/media\/2180"}],"wp:attachment":[{"href":"https:\/\/www.dainst.blog\/transpergmikro\/wp-json\/wp\/v2\/media?parent=2183"}],"wp:term":[{"taxonomy":"category","embeddable":true,"href":"https:\/\/www.dainst.blog\/transpergmikro\/wp-json\/wp\/v2\/categories?post=2183"},{"taxonomy":"post_tag","embeddable":true,"href":"https:\/\/www.dainst.blog\/transpergmikro\/wp-json\/wp\/v2\/tags?post=2183"}],"curies":[{"name":"wp","href":"https:\/\/api.w.org\/{rel}","templated":true}]}}